{"id":63199,"date":"2026-07-17T06:57:00","date_gmt":"2026-07-17T04:57:00","guid":{"rendered":"https:\/\/staging.omnesmag.com\/?p=63199"},"modified":"2026-07-17T11:32:57","modified_gmt":"2026-07-17T09:32:57","slug":"rafael-aita-existieron-incas-que-eran-catolicos-hablaban-espanol-y-latin-y-eran-aliados-del-rey","status":"publish","type":"post","link":"https:\/\/staging.omnesmag.com\/it\/rafael-aita-existieron-incas-que-eran-catolicos-hablaban-espanol-y-latin-y-eran-aliados-del-rey\/","title":{"rendered":"Rafael Aita: \u00abExistieron incas que eran cat\u00f3licos, hablaban espa\u00f1ol y lat\u00edn y eran aliados del rey\u00bb"},"content":{"rendered":"<p class=\"wp-block-paragraph\">Ingeniero de profesi\u00f3n pero historiador por vocaci\u00f3n, el escritor peruano Rafael Aita \u2014conocido en las redes como <em><a href=\"https:\/\/www.facebook.com\/capitanperuoficial?mibextid=wwXIfr&amp;rdid=CUqXeexMO5KdTLfH&amp;share_url=https%3A%2F%2Fwww.facebook.com%2Fshare%2F1DEV74PRkx%2F%3Fmibextid%3DwwXIfr#\">Capit\u00e1n Per\u00fa<\/a><\/em>\u2014 se ha convertido en una de las voces m\u00e1s firmes y disruptivas de la divulgaci\u00f3n hist\u00f3rica en Hispanoam\u00e9rica. A trav\u00e9s de obras de gran impacto como <em>Los incas hispanos<\/em> y <em><a href=\"https:\/\/isbn.bnp.gob.pe\/catalogo.php?mode=detalle&amp;nt=161305\">Los incas cat\u00f3licos<\/a><\/em>, Aita combate la politizaci\u00f3n de las aulas y el arraigo de la \u00ableyenda negra\u00bb, rescatando del olvido las alianzas ind\u00edgenas y el profundo proceso de evangelizaci\u00f3n que uni\u00f3 a Espa\u00f1a y Am\u00e9rica. <\/p>\n\n\n\n<p class=\"wp-block-paragraph\">En esta entrevista, el tambi\u00e9n colaborador del aclamado documental <em>Hispanoam\u00e9rica<\/em> nos invita a redescubrir un pasado com\u00fan libre de sesgos ideol\u00f3gicos, donde figuras como Santo Toribio de Mogrovejo sentaron las bases espirituales de medio continente.<\/p>\n\n\n\n<h2 class=\"wp-block-heading\"><strong>Eres ingeniero industrial y magister en Administraci\u00f3n de empresas \u00bfpor qu\u00e9 te has dedicado, con bastante empe\u00f1o, a escribir libros de historia<\/strong>?<\/h2>\n\n\n\n<p class=\"wp-block-paragraph\">\u2013Por lo mal que se ense\u00f1a la historia en nuestros pa\u00edses. Toda persona que ama a su pa\u00eds, independientemente de su profesi\u00f3n, debe conocer su historia y cultura, cuando comenc\u00e9 a hacerlo, encontr\u00e9 tantas inconsistencias entre la historia que aparece en los libros con la historia que se ense\u00f1aba, que me fue inevitable hablar del tema.<\/p>\n\n\n\n<h2 class=\"wp-block-heading\"><strong>La historia del Per\u00fa tiene una relaci\u00f3n directa con Espa\u00f1a, a la que solemos llamar la \u201cMadre Patria\u201d. A Espa\u00f1a le debemos la religi\u00f3n y la cultura. En los libros de historia \u00bfse da este reconocimiento<\/strong>?<\/h2>\n\n\n\n<p class=\"wp-block-paragraph\">\u2013En muchos libros s\u00ed, ah\u00ed se tiene al gran historiador peruano Jos\u00e9 Antonio del Busto, que se pronunci\u00f3 p\u00fablicamente en contra del retiro de la estatua de Francisco Pizarro de la plaza de armas de Lima. Lamentablemente, estos textos no llegan al curr\u00edculo escolar que est\u00e1 sumamente politizado.<\/p>\n\n\n\n<h2 class=\"wp-block-heading\"><strong>\u00bfD\u00f3nde se inician las corrientes anti hispanistas? \u00bfSon contra Espa\u00f1a o contra la religi\u00f3n?<\/strong><\/h2>\n\n\n\n<p class=\"wp-block-paragraph\">\u2013En un inicio fueron de la mano, la leyenda negra que esparc\u00eda Inglaterra o Pa\u00edses Bajos estaba acompa\u00f1ada de la guerra pol\u00edtica contra Espa\u00f1a, as\u00ed como el cisma con la Iglesia Cat\u00f3lica. Hoy en cambio, no es necesariamente as\u00ed, y muchos cat\u00f3licos han asumido la leyenda negra contra Espa\u00f1a.<\/p>\n\n\n\n<h2 class=\"wp-block-heading\"><strong>\u00bfEn qu\u00e9 consiste lo que se conoce con el nombre de \u201cleyendas negras\u201d?<\/strong><\/h2>\n\n\n\n<p class=\"wp-block-paragraph\">\u2013Se define como el conjunto de exageraciones, manipulaciones, omisiones, tergiversaciones y sesgos hist\u00f3ricos con el objetivo de dejar mal a un solo lado, en este caso, el espa\u00f1ol y cat\u00f3lico.<\/p>\n\n\n\n<h2 class=\"wp-block-heading\"><strong>Veo que has escrito varios libros, entre ellos: \u201cLos Incas hispanos\u201d y \u201cLos incas cat\u00f3licos\u201d \u00bfqu\u00e9 quieres decir con estos libros?<\/strong><\/h2>\n\n\n\n<p class=\"wp-block-paragraph\">\u2013Desde el nombre ya es disruptivo, pues muchos piensan que lo inca es contrario a lo hispano e incompatible con lo cat\u00f3lico, precisamente porque no nos han explicado que existieron incas que eran cat\u00f3licos, hablaban espa\u00f1ol y lat\u00edn y eran aliados del rey. La intenci\u00f3n de ambos libros es romper ese prejuicio.<\/p>\n\n\n\n<h2 class=\"wp-block-heading\"><strong>He visto que has salido en el documental \u201cHispanoam\u00e9rica\u201d de Jos\u00e9 Luis L\u00f3pez Linares, \u00bfcu\u00e1l es la intenci\u00f3n de ese documental? \u00bfEst\u00e1 en la l\u00ednea de tus libros?<\/strong><\/h2>\n\n\n\n<p class=\"wp-block-paragraph\">\u2013No s\u00f3lo est\u00e1 en la misma l\u00ednea, sino que Jos\u00e9 Luis L\u00f3pez Linares adquiri\u00f3 mi libro de Los Incas Hispanos para realizar la parte del Per\u00fa. Tuve la oportunidad de filmar en Cusco parte del documental con \u00e9l, una de las experiencias que guardo mejores recuerdos.<\/p>\n\n\n\n<h2 class=\"wp-block-heading\"><strong>\u00bfT\u00fa piensas que la historia que nos han contado en el Per\u00fa no se ajusta a la verdad?<\/strong><\/h2>\n\n\n\n<p class=\"wp-block-paragraph\">\u2013En mi \u00faltima charla en una parroquia hice la siguiente pregunta a los feligreses: \u00bfcu\u00e1ntos ind\u00edgenas fueron ejecutados bajo el tribunal de la inquisici\u00f3n? La respuesta iba entre cientos y miles. No pod\u00edan creer cuando les di el dato que solo 32 personas fueron ejecutadas y ninguna de ellas era ind\u00edgena. Estamos hablando de un p\u00fablico cat\u00f3lico, asiduo a la parroquia y que ha recibido charlas de formaci\u00f3n por d\u00e9cadas, ahora imaginemos lo que se les ha ense\u00f1ado a los dem\u00e1s.<\/p>\n\n\n\n<h2 class=\"wp-block-heading\"><strong>\u00bfVeo que la historia de Espa\u00f1a con respecto al Per\u00fa no deber\u00eda llamarse de conquista, y tampoco es un colonialismo, sino la historia de la evangelizaci\u00f3n?<\/strong><\/h2>\n\n\n\n<p class=\"wp-block-paragraph\">\u2013As\u00ed es, y como dijo Ram\u00f3n Mujica Pinilla, la conquista del Per\u00fa se dio m\u00e1s por alianzas que por la fuerza.<\/p>\n\n\n\n<h2 class=\"wp-block-heading\"><strong>\u00bfC\u00f3mo van los proyectos de un nuevo hermanamiento entre Espa\u00f1a y Hispanoam\u00e9rica?<\/strong><\/h2>\n\n\n\n<p class=\"wp-block-paragraph\">\u2013Aunque pol\u00edticamente lejano, veo que cada d\u00eda se cae el andamiaje de la leyenda negra, lo cual es necesario antes de cualquier tipo de unidad. Primero debemos estar unidos en pensamiento, y luego el resto vendr\u00e1 en consecuencia a eso.<\/p>\n\n\n\n<h2 class=\"wp-block-heading\"><strong>El Papa Le\u00f3n en Espa\u00f1a ha mencionado tres veces a Santo Toribio de Mogrovejo como uno de sus santos preferidos, \u00bfpiensas que Santo Toribio, al ser arzobispo de Lima, fue la cabeza o una pieza muy importante para la evangelizaci\u00f3n de Hispanoam\u00e9rica?<\/strong><\/h2>\n\n\n\n<p class=\"wp-block-paragraph\">\u2013Por supuesto, Santo Toribio organiz\u00f3 la estructura eclesial en Per\u00fa y evangeliz\u00f3 a su poblaci\u00f3n, bautizando y confirmando alrededor de medio mill\u00f3n de personas. Recordemos que en aquella \u00e9poca el Per\u00fa abarcaba desde Panam\u00e1 hasta la Patagonia, por lo que bien podemos decir que la mitad del continente americano es cat\u00f3lico gracias a la labor de Santo Toribio.<\/p>\n\n\n\n<hr class=\"wp-block-separator has-alpha-channel-opacity\"\/>\n\n\n\n<h2 class=\"wp-block-heading\">Entrevista a Rafael Aita en televisi\u00f3n<\/h2>\n\n\n\n<figure class=\"wp-block-embed is-type-video is-provider-youtube wp-block-embed-youtube wp-embed-aspect-16-9 wp-has-aspect-ratio\"><div class=\"wp-block-embed__wrapper\">\n<iframe title=\"S\u00ed se Puede - Capit\u00e1n Per\u00fa Rafael Aita Ram\u00edrez\" width=\"800\" height=\"450\" src=\"https:\/\/www.youtube.com\/embed\/_tjcVvgw2RU?feature=oembed\" frameborder=\"0\" allow=\"accelerometer; autoplay; clipboard-write; encrypted-media; gyroscope; picture-in-picture; web-share\" referrerpolicy=\"strict-origin-when-cross-origin\" allowfullscreen><\/iframe>\n<\/div><\/figure>","protected":false},"excerpt":{"rendered":"<p>Ingeniero de profesi\u00f3n pero historiador por vocaci\u00f3n, el escritor peruano Rafael Aita \u2014conocido en las redes como Capit\u00e1n Per\u00fa\u2014 se ha convertido en una de las voces m\u00e1s firmes y disruptivas de la divulgaci\u00f3n hist\u00f3rica en Hispanoam\u00e9rica. A trav\u00e9s de obras de gran impacto como Los incas hispanos y Los incas cat\u00f3licos, Aita combate la [&hellip;]<\/p>\n","protected":false},"author":2425,"featured_media":63200,"comment_status":"closed","ping_status":"closed","sticky":false,"template":"","format":"standard","meta":{"pmpro_default_level":"","footnotes":""},"categories":[549,548],"tags":[1698],"class_list":["post-63199","post","type-post","status-publish","format-standard","has-post-thumbnail","hentry","category-evangelizacion","category-foco","tag-leyenda-negra","pmpro-has-access"],"_links":{"self":[{"href":"https:\/\/staging.omnesmag.com\/it\/wp-json\/wp\/v2\/posts\/63199","targetHints":{"allow":["GET"]}}],"collection":[{"href":"https:\/\/staging.omnesmag.com\/it\/wp-json\/wp\/v2\/posts"}],"about":[{"href":"https:\/\/staging.omnesmag.com\/it\/wp-json\/wp\/v2\/types\/post"}],"author":[{"embeddable":true,"href":"https:\/\/staging.omnesmag.com\/it\/wp-json\/wp\/v2\/users\/2425"}],"replies":[{"embeddable":true,"href":"https:\/\/staging.omnesmag.com\/it\/wp-json\/wp\/v2\/comments?post=63199"}],"version-history":[{"count":0,"href":"https:\/\/staging.omnesmag.com\/it\/wp-json\/wp\/v2\/posts\/63199\/revisions"}],"wp:featuredmedia":[{"embeddable":true,"href":"https:\/\/staging.omnesmag.com\/it\/wp-json\/wp\/v2\/media\/63200"}],"wp:attachment":[{"href":"https:\/\/staging.omnesmag.com\/it\/wp-json\/wp\/v2\/media?parent=63199"}],"wp:term":[{"taxonomy":"category","embeddable":true,"href":"https:\/\/staging.omnesmag.com\/it\/wp-json\/wp\/v2\/categories?post=63199"},{"taxonomy":"post_tag","embeddable":true,"href":"https:\/\/staging.omnesmag.com\/it\/wp-json\/wp\/v2\/tags?post=63199"}],"curies":[{"name":"wp","href":"https:\/\/api.w.org\/{rel}","templated":true}]}}