{"id":63112,"date":"2026-07-09T07:08:00","date_gmt":"2026-07-09T05:08:00","guid":{"rendered":"https:\/\/staging.omnesmag.com\/?p=63112"},"modified":"2026-07-08T15:39:18","modified_gmt":"2026-07-08T13:39:18","slug":"mike-schmitz-parabolas","status":"publish","type":"post","link":"https:\/\/staging.omnesmag.com\/it\/mike-schmitz-parabolas\/","title":{"rendered":"El popular podcaster Padre Mike Schmitz habla sobre la fe de la Generaci\u00f3n X, la angustia adolescente y la IA"},"content":{"rendered":"<p class=\"wp-block-paragraph\"><em>Por Tom Tracy \/ Florida Catholic, OSV News<\/em><\/p>\n\n\n\n<p class=\"wp-block-paragraph\">El padre Mike Schmitz entr\u00f3 al camerino del Broward Center for the Performing Arts en Fort Lauderdale con su caracter\u00edstica sonrisa c\u00e1lida y un paso m\u00e1s ligero.<br><br>El sacerdote del Medio Oeste y su equipo de apoyo para su actual gira de conferencias acababan de regresar de lo que describieron como una multitudinaria y en\u00e9rgica reuni\u00f3n en Clearwater la noche anterior.<br><br>Encontrar\u00eda una multitud igualmente grande y con entradas agotadas en la sala principal de la sinf\u00f3nica del Broward Center antes de su \u00faltimo compromiso en Florida, en Jacksonville.<\/p>\n\n\n\n<p class=\"wp-block-paragraph\">El padre Schmitz, uno de los sacerdotes m\u00e1s populares e influyentes en las redes sociales, estuvo recientemente en Florida como parte de su gira \u00abPar\u00e1bolas\u00bb, en la que analiz\u00f3 las par\u00e1bolas del Evangelio de Cristo y ofreci\u00f3 nuevas perspectivas.<\/p>\n\n\n\n<p class=\"wp-block-paragraph\">El padre Schmitz, sacerdote de la di\u00f3cesis de Duluth, Minnesota, es el director del Ministerio para J\u00f3venes y Adultos J\u00f3venes de la di\u00f3cesis, as\u00ed como el capell\u00e1n del Centro Newman en la Universidad de Minnesota Duluth.<\/p>\n\n\n\n<h2 class=\"wp-block-heading\">\u00c9xito rotundo en la gira \u00abPar\u00e1bolas\u00bb<\/h2>\n\n\n\n<p class=\"wp-block-paragraph\">La gira \u00abPar\u00e1bolas\u00bb ha incluido paradas en casi dos docenas de ciudades estadounidenses en Arizona, California, Luisiana y Florida durante los \u00faltimos meses. Su \u00faltima fecha programada para esta ronda de presentaciones es internacional, prevista para el 20 de julio en Dubl\u00edn, aunque su sitio web indica que pr\u00f3ximamente se anunciar\u00e1n m\u00e1s fechas en ciudades de Estados Unidos y otros pa\u00edses.<\/p>\n\n\n\n<p class=\"wp-block-paragraph\">\u00abEn cierto modo, los j\u00f3venes buscan autenticidad; que alguien o un grupo sea quien dice ser es algo important\u00edsimo, y eso nos pasa a todos, \u00bfverdad?\u00bb, pregunt\u00f3 el sacerdote en su evento en Fort Lauderdale.<\/p>\n\n\n\n<p class=\"wp-block-paragraph\">\u00abNo toleramos la hipocres\u00eda; de hecho, ha sido as\u00ed durante generaciones, incluso a lo largo de toda la historia de la humanidad\u00bb, afirm\u00f3. \u00abHasta Jes\u00fas criticaba a los hip\u00f3critas por decir una cosa y luego no estar dispuesto a cumplirla\u00bb.<\/p>\n\n\n\n<p class=\"wp-block-paragraph\">El S\u00ednodo de los Obispos de 2018 sobre \u00abJ\u00f3venes, fe y discernimiento vocacional\u00bb tuvo lugar en un momento en que la Iglesia comenz\u00f3 a reconocer que la juventud\u00a0cat\u00f3lica\u00a0estadounidense ve cada vez m\u00e1s la integridad y la autenticidad como una coherencia vivida y no solo como una conformidad institucional.<\/p>\n\n\n\n<h2 class=\"wp-block-heading\">Claridad y empat\u00eda en la doctrina<\/h2>\n\n\n\n<p class=\"wp-block-paragraph\">El documento de trabajo para el s\u00ednodo, basado en gran medida en consultas directas con j\u00f3venes, afirma que la juventud desea una Iglesia \u00abaut\u00e9ntica\u00bb y \u00abcre\u00edble\u00bb, cuyos l\u00edderes \u00abhablen en t\u00e9rminos pr\u00e1cticos sobre temas controvertidos\u00bb. \u00abPor eso creo que debemos tener integridad, ser quienes decimos ser\u00bb, dijo el padre Schmitz en el evento.<\/p>\n\n\n\n<p class=\"wp-block-paragraph\">Pero adem\u00e1s de la integridad, la claridad y la veracidad de la doctrina\u00a0cat\u00f3lica\u00a0son otros temas frecuentes para el padre Schmitz, tanto en l\u00ednea como en persona. La mente humana est\u00e1 hecha para la verdad y el coraz\u00f3n humano para la bondad, afirma, pero \u00aba veces la forma en que presentamos las cosas y la forma en que las decimos influye mucho\u00bb.<\/p>\n\n\n\n<p class=\"wp-block-paragraph\">En cuanto al tema de las dificultades que afrontan los adolescentes varones y los j\u00f3venes adultos en particular, el padre Schmitz afirm\u00f3 que la indiferencia es el problema subyacente o el obst\u00e1culo para una vida de fe menos c\u00ednica durante la adolescencia y la juventud.<\/p>\n\n\n\n<p class=\"wp-block-paragraph\">\u00abSe nota si trabajas con j\u00f3venes\u00bb, dijo, especialmente en lo que respecta a invitar a los j\u00f3venes a participar m\u00e1s en la vida de la iglesia.<\/p>\n\n\n\n<h2 class=\"wp-block-heading\">La falta de misi\u00f3n y la indiferencia<\/h2>\n\n\n\n<p class=\"wp-block-paragraph\">\u00abUna de las cosas que he visto cada vez m\u00e1s, sobre todo en personas cansadas de que les digan que tienen que cumplir con ciertas expectativas, que tienen que cumplir con absolutamente todo, es que se produce un rechazo a ello.\u00bb<\/p>\n\n\n\n<p class=\"wp-block-paragraph\">Aunque ambos sexos tienen mucho en com\u00fan, a\u00f1adi\u00f3 el sacerdote, los hombres quiz\u00e1s fueron creados para tener una batalla que librar, en el sentido de una misi\u00f3n que perseguir o una misi\u00f3n que vivir; y las mujeres est\u00e1n m\u00e1s orientadas hacia las relaciones.<\/p>\n\n\n\n<p class=\"wp-block-paragraph\">\u00abCuando no se nos da una misi\u00f3n, o cuando no vale la pena luchar por ella, es lo que (el profesor de Harvard) Arthur C. Brooks dice que deja una falta de sentido\u00bb, dijo el padre Schmitz, que es la principal crisis que Brooks ha identificado y que es necesaria para superar el vac\u00edo moderno y alcanzar la verdadera alegr\u00eda.<\/p>\n\n\n\n<h2 class=\"wp-block-heading\">Esperanza cristiana contra la ansiedad<\/h2>\n\n\n\n<p class=\"wp-block-paragraph\">Los problemas de confianza, la soledad y la ansiedad entre los j\u00f3venes siguen siendo una crisis preocupante entre los estudiantes de hoy en d\u00eda.<\/p>\n\n\n\n<p class=\"wp-block-paragraph\">\u00abEn los campus universitarios, en los \u00faltimos 10 a\u00f1os, la ansiedad ha superado a la depresi\u00f3n como el principal problema de salud mental al que se enfrentan los j\u00f3venes, y la ansiedad es miedo al futuro y tiene sus ra\u00edces en la incertidumbre\u00bb, dijo el padre Schmitz.<\/p>\n\n\n\n<p class=\"wp-block-paragraph\">El remedio, a\u00f1adi\u00f3, es un sentimiento generalizado de esperanza cristiana. \u00abLa esperanza cristiana no consiste solo en desear un resultado, sino en saber que puedo confiar en Dios y proyectar esa confianza hacia el futuro; creo que esa es la respuesta a la ansiedad\u00bb, dijo el padre Schmitz.<\/p>\n\n\n\n<h2 class=\"wp-block-heading\">El refugio en el misterio de la tradici\u00f3n<\/h2>\n\n\n\n<p class=\"wp-block-paragraph\">El retorno a la tradici\u00f3n\u00a0cat\u00f3lica\u00a0y a la aut\u00e9ntica reverencia entre los j\u00f3venes ha sido otro ant\u00eddoto contra la angustia actual. \u00abHay algo realmente conmovedor en el misterio y el sentido ancestral de la Misa, o en las pr\u00e1cticas que realizamos como\u00a0cat\u00f3licos\u00a0, que trasciende lo individual\u00bb, afirm\u00f3 el padre Schmitz.<\/p>\n\n\n\n<p class=\"wp-block-paragraph\">Tambi\u00e9n abord\u00f3 el tema de la inteligencia artificial, que el Papa Le\u00f3n XIV trata en su hist\u00f3rica enc\u00edclica \u00abMagnifica Humanitas\u00bb, publicada el 25 de mayo. El Papa compara el intento de construir un futuro con IA que excluya a Dios con la \u00abTorre de Babel\u00bb y subraya la necesidad de salvaguardar la dignidad humana, ya que se ve \u00abamenazada por nuevas formas de deshumanizaci\u00f3n\u00bb.<\/p>\n\n\n\n<h2 class=\"wp-block-heading\">Humanidad frente a la Inteligencia Artificial<\/h2>\n\n\n\n<p class=\"wp-block-paragraph\">\u00abHace aproximadamente un a\u00f1o, estuve hablando con algunas personas del Instituto McGrath para la Vida de la Iglesia en la Universidad de Notre Dame\u00bb, dijo el padre Schmitz, \u00aby una de las cosas que destacaron fue que cada vez que inventamos alg\u00fan tipo de tecnolog\u00eda, esta representa una extensi\u00f3n de alguna capacidad humana, como nuestra capacidad para desplazarnos en autom\u00f3viles. Y cada vez, hemos limitado nuestra capacidad para utilizarla\u00bb.<\/p>\n\n\n\n<p class=\"wp-block-paragraph\">Por ejemplo, en la sociedad hiperm\u00f3vil actual, la gente no camina tanto como antes. La IA presenta un escenario similar al de extender las capacidades mentales humanas para abordar problemas tanto complicados como complejos, dijo el padre Schmitz.<\/p>\n\n\n\n<p class=\"wp-block-paragraph\">\u00abLa IA hace un gran trabajo resolviendo problemas complicados, pero no puede resolver (todos) los problemas complejos\u00bb, dijo el sacerdote.<\/p>\n\n\n\n<p class=\"wp-block-paragraph\">\u00abEn un futuro inmediato, espero que podamos conservar nuestra humanidad reconociendo que hay algunas preguntas que una computadora no puede resolver, por muy desarrollado que est\u00e9 el programa\u00bb, dijo el padre Schmitz.<\/p>\n\n\n\n<p class=\"wp-block-paragraph\">El evento de Fort Lauderdale atrajo a un p\u00fablico diverso de j\u00f3venes, adultos j\u00f3venes e incluso personas mayores que probablemente conocen al sacerdote gracias a sus populares videos de YouTube y su podcast \u00abLa Biblia en un a\u00f1o\u00bb. Producido por Ascension Press, el podcast consta de 365 episodios diarios que leen la Biblia completa. En cada episodio, el padre Schmitz lee y comenta pasajes b\u00edblicos, a\u00f1adiendo tambi\u00e9n sus propios comentarios y oraciones.<\/p>\n\n\n\n<p class=\"wp-block-paragraph\">La gira \u00abPar\u00e1bolas\u00bb se presenta como parte de una iniciativa de recaudaci\u00f3n de fondos para apoyar el Centro Newman en la Universidad de Minnesota Duluth. Unos 700 estudiantes y profesores se re\u00fanen para participar en el culto bajo la tutela del Padre Schmitz.<\/p>\n\n\n\n<p class=\"wp-block-paragraph\">Todos los fondos recaudados en cada evento se destinan a financiar la construcci\u00f3n de una iglesia completamente nueva y un espacio exclusivo para que los estudiantes se re\u00fanan, oren, estudien y crezcan en su fe en el campus.<\/p>","protected":false},"excerpt":{"rendered":"<p>Por Tom Tracy \/ Florida Catholic, OSV News El padre Mike Schmitz entr\u00f3 al camerino del Broward Center for the Performing Arts en Fort Lauderdale con su caracter\u00edstica sonrisa c\u00e1lida y un paso m\u00e1s ligero. El sacerdote del Medio Oeste y su equipo de apoyo para su actual gira de conferencias acababan de regresar de [&hellip;]<\/p>\n","protected":false},"author":2425,"featured_media":63116,"comment_status":"closed","ping_status":"closed","sticky":false,"template":"","format":"standard","meta":{"pmpro_default_level":"","footnotes":""},"categories":[549,548],"tags":[],"class_list":["post-63112","post","type-post","status-publish","format-standard","has-post-thumbnail","hentry","category-evangelizacion","category-foco","pmpro-has-access"],"_links":{"self":[{"href":"https:\/\/staging.omnesmag.com\/it\/wp-json\/wp\/v2\/posts\/63112","targetHints":{"allow":["GET"]}}],"collection":[{"href":"https:\/\/staging.omnesmag.com\/it\/wp-json\/wp\/v2\/posts"}],"about":[{"href":"https:\/\/staging.omnesmag.com\/it\/wp-json\/wp\/v2\/types\/post"}],"author":[{"embeddable":true,"href":"https:\/\/staging.omnesmag.com\/it\/wp-json\/wp\/v2\/users\/2425"}],"replies":[{"embeddable":true,"href":"https:\/\/staging.omnesmag.com\/it\/wp-json\/wp\/v2\/comments?post=63112"}],"version-history":[{"count":0,"href":"https:\/\/staging.omnesmag.com\/it\/wp-json\/wp\/v2\/posts\/63112\/revisions"}],"wp:featuredmedia":[{"embeddable":true,"href":"https:\/\/staging.omnesmag.com\/it\/wp-json\/wp\/v2\/media\/63116"}],"wp:attachment":[{"href":"https:\/\/staging.omnesmag.com\/it\/wp-json\/wp\/v2\/media?parent=63112"}],"wp:term":[{"taxonomy":"category","embeddable":true,"href":"https:\/\/staging.omnesmag.com\/it\/wp-json\/wp\/v2\/categories?post=63112"},{"taxonomy":"post_tag","embeddable":true,"href":"https:\/\/staging.omnesmag.com\/it\/wp-json\/wp\/v2\/tags?post=63112"}],"curies":[{"name":"wp","href":"https:\/\/api.w.org\/{rel}","templated":true}]}}