{"id":62728,"date":"2026-07-03T06:00:00","date_gmt":"2026-07-03T04:00:00","guid":{"rendered":"https:\/\/staging.omnesmag.com\/?p=62728"},"modified":"2026-06-25T12:18:01","modified_gmt":"2026-06-25T10:18:01","slug":"yo-le-vi-morir","status":"publish","type":"post","link":"https:\/\/staging.omnesmag.com\/it\/yo-le-vi-morir\/","title":{"rendered":"Yo le vi morir"},"content":{"rendered":"<p class=\"wp-block-paragraph\">Pepe era un hombre vital, un brillante profesional de la Administraci\u00f3n P\u00fablica, amante de la m\u00fasica, el acorde\u00f3n y la caza con su perra Perla. A pesar de un historial cl\u00ednico adverso \u2014que inclu\u00eda temblor esencial, cirug\u00edas card\u00edacas y las secuelas de varios c\u00e1nceres que le obligaban a estar sondado\u2014, siempre mantuvo la sonrisa y una vida normal, guiada por su firme terquedad ma\u00f1a. Sin embargo, en septiembre de 2024, el c\u00e1ncer regres\u00f3. Ante un pron\u00f3stico hospitalario que solo le ofrec\u00eda seis meses m\u00e1s de vida a cambio de agresivos tratamientos de quimio y radioterapia, Pepe se vio sumido en el nerviosismo, la tristeza y el desamparo.<\/p>\n\n\n\n<p class=\"wp-block-paragraph\">Fue entonces cuando tom\u00f3 una decisi\u00f3n firme: rechaz\u00f3 el tratamiento, solicit\u00f3 el alta voluntaria y como familia tomamos la mejor decisi\u00f3n que pudimos: ingresarle en el <a href=\"https:\/\/www.lagunacuida.org\/\" type=\"link\" id=\"https:\/\/www.lagunacuida.org\/\">Centro de Cuidados Paliativos Laguna<\/a>. Esto transform\u00f3 por completo su \u00faltima etapa. Desde el primer d\u00eda, el equipo m\u00e9dico asumi\u00f3 el compromiso no solo de mitigar su dolor, sino de cuidarle con el m\u00e1ximo afecto.<\/p>\n\n\n\n<p class=\"wp-block-paragraph\">Gracias a este entorno, Pepe recuper\u00f3 su car\u00e1cter guas\u00f3n y vital. No estuvo solo porque nos turn\u00e1bamos para estar con \u00e9l; pudo despedirse de amigos y compa\u00f1eros de trabajo. Incluso lider\u00f3 un emotivo momento musical en Navidad cantando a pleno pulm\u00f3n un villancico adaptado (con la m\u00fasica de \u201cOn my way\u201d) ante el bel\u00e9n de la planta, uniendo a familiares de otros enfermos en una celebraci\u00f3n de la vida. El 17 de enero de 2025, Pepe falleci\u00f3 en paz y sin sufrimiento. Sus \u00faltimos tres meses no fueron una agon\u00eda, sino un periodo de reencuentro, perd\u00f3n, agradecimiento y despedida. Quienes presenciamos su partida no lloramos de dolor, sino de una profunda emoci\u00f3n y un agradecimiento que, sin esos <a href=\"https:\/\/www.omnesmag.com\/foco\/por-que-espana-tiene-deficit-en-cuidados-paliativos\/\" type=\"post\" id=\"8651\">cuidados paliativos<\/a>, nos habr\u00edan sido robados.\u00a0<\/p>\n\n\n\n<h2 class=\"wp-block-heading\"><strong>El debate pol\u00edtico y la \u00abcultura del descarte\u00bb&nbsp;<\/strong><\/h2>\n\n\n\n<p class=\"wp-block-paragraph\">Este testimonio adquiere una relevancia especial ante el <a href=\"https:\/\/www.omnesmag.com\/actualidad\/papa-congreso-diputados-discurso\/\" type=\"post\" id=\"62116\">discurso del Papa Le\u00f3n XIV<\/a> a las Cortes Espa\u00f1olas. Ante un hemiciclo que aprob\u00f3 la ley de la eutanasia, el Pont\u00edfice record\u00f3 a los parlamentarios que: \u201cToda vida humana debe ser reconocida y custodiada desde su concepci\u00f3n hasta su ocaso natural\u201d.\u00a0<\/p>\n\n\n\n<p class=\"wp-block-paragraph\">Insisti\u00f3, adem\u00e1s, en que la defensa de la vida no es una cuesti\u00f3n confesional ni partidista. Aunque sus palabras recibieron un prolongado aplauso de m\u00e1s de siete minutos, cabe cuestionarse si los legisladores han reflexionado detenidamente sobre el verdadero impacto de estas palabras.&nbsp;<\/p>\n\n\n\n<p class=\"wp-block-paragraph\">La existencia de personas que sufren y sienten que su vida carece de sentido no debe empujar a la sociedad hacia lo que el Papa Francisco denominaba la \u201ccultura del descarte\u201d. El verdadero problema radica en la falta de acompa\u00f1amiento, en la ausencia de miradas que devuelvan la dignidad y de cuidados que alivien el dolor. Al pensar en quienes sufren en la soledad y el desamparo, se me desgarra el alma; son personas que muchas veces no tienen a nadie que las mire a los ojos revitalizando en ellos su dignidad humana, ni les ofrezca el soporte necesario para mitigar su sufrimiento.&nbsp;<\/p>\n\n\n\n<h2 class=\"wp-block-heading\"><strong>Humanizar la sanidad: recursos antes que eutanasia&nbsp;<\/strong><\/h2>\n\n\n\n<p class=\"wp-block-paragraph\">Resulta desconcertante que la respuesta institucional ante la fragilidad humana sea la eutanasia, en lugar de una dotaci\u00f3n presupuestaria y de recursos suficiente para los servicios de paliativos. Es de justicia reconocer que en nuestra sanidad (al menos en la Comunidad de Madrid) estos servicios van en aumento. Un claro ejemplo de su beneficio fue la atenci\u00f3n domiciliaria prestada a un amigo m\u00edo \u2014Rodrigo\u2014 en los \u00faltimos meses de su vida, un apoyo que su entorno agradeci\u00f3 profundamente.&nbsp;<\/p>\n\n\n\n<p class=\"wp-block-paragraph\">Es imperativo ensalzar la labor de los profesionales \u2014m\u00e9dicos y personal de enfermer\u00eda\u2014 que atienden estos servicios. Su d\u00eda a d\u00eda es de una enorme dureza psicol\u00f3gica y emocional, pues trabajan sabiendo que no van a poder curar la enfermedad de sus pacientes. Sin embargo, su dedicaci\u00f3n se ve recompensada con la infinita gratitud de los enfermos y de sus seres queridos.&nbsp;<\/p>\n\n\n\n<h2 class=\"wp-block-heading\"><strong>Un llamamiento a la responsabilidad&nbsp;<\/strong><\/h2>\n\n\n\n<p class=\"wp-block-paragraph\">La legislaci\u00f3n de un pa\u00eds debe medirse por su capacidad para proteger a los m\u00e1s d\u00e9biles. Como bien se\u00f1al\u00f3 el Pont\u00edfice de cara a los poderes p\u00fablicos: \u201cLas leyes no alcanzan su grandeza por el mero hecho de ser aprobadas formalmente, sino cuando respetan la dignidad intr\u00ednseca de la persona. Los poderes p\u00fablicos deben recordar que cada una de sus decisiones afecta a ciudadanos de carne y hueso, especialmente a aquellos que no tienen voz para hacerse o\u00edr\u201d.&nbsp;<\/p>\n\n\n\n<p class=\"wp-block-paragraph\">Es hora de que los representantes pol\u00edticos muestren la valent\u00eda necesaria para rectificar el rumbo. La soluci\u00f3n no puede ser la v\u00eda r\u00e1pida de la eutanasia; debe ser la inversi\u00f3n prioritaria en cuidados paliativos que dignifiquen la vida de tantas personas en esta situaci\u00f3n de gran fragilidad y vulnerabilidad.<\/p>","protected":false},"excerpt":{"rendered":"<p>Pepe era un hombre vital, un brillante profesional de la Administraci\u00f3n P\u00fablica, amante de la m\u00fasica, el acorde\u00f3n y la caza con su perra Perla. A pesar de un historial cl\u00ednico adverso \u2014que inclu\u00eda temblor esencial, cirug\u00edas card\u00edacas y las secuelas de varios c\u00e1nceres que le obligaban a estar sondado\u2014, siempre mantuvo la sonrisa y [&hellip;]<\/p>\n","protected":false},"author":1436,"featured_media":26064,"comment_status":"closed","ping_status":"closed","sticky":false,"template":"","format":"standard","meta":{"pmpro_default_level":"","footnotes":""},"categories":[553,548],"tags":[997,574],"class_list":["post-62728","post","type-post","status-publish","format-standard","has-post-thumbnail","hentry","category-ecologia-integral","category-foco","tag-cuidados-paliativos","tag-espana","pmpro-has-access"],"_links":{"self":[{"href":"https:\/\/staging.omnesmag.com\/it\/wp-json\/wp\/v2\/posts\/62728","targetHints":{"allow":["GET"]}}],"collection":[{"href":"https:\/\/staging.omnesmag.com\/it\/wp-json\/wp\/v2\/posts"}],"about":[{"href":"https:\/\/staging.omnesmag.com\/it\/wp-json\/wp\/v2\/types\/post"}],"author":[{"embeddable":true,"href":"https:\/\/staging.omnesmag.com\/it\/wp-json\/wp\/v2\/users\/1436"}],"replies":[{"embeddable":true,"href":"https:\/\/staging.omnesmag.com\/it\/wp-json\/wp\/v2\/comments?post=62728"}],"version-history":[{"count":0,"href":"https:\/\/staging.omnesmag.com\/it\/wp-json\/wp\/v2\/posts\/62728\/revisions"}],"wp:featuredmedia":[{"embeddable":true,"href":"https:\/\/staging.omnesmag.com\/it\/wp-json\/wp\/v2\/media\/26064"}],"wp:attachment":[{"href":"https:\/\/staging.omnesmag.com\/it\/wp-json\/wp\/v2\/media?parent=62728"}],"wp:term":[{"taxonomy":"category","embeddable":true,"href":"https:\/\/staging.omnesmag.com\/it\/wp-json\/wp\/v2\/categories?post=62728"},{"taxonomy":"post_tag","embeddable":true,"href":"https:\/\/staging.omnesmag.com\/it\/wp-json\/wp\/v2\/tags?post=62728"}],"curies":[{"name":"wp","href":"https:\/\/api.w.org\/{rel}","templated":true}]}}