{"id":62667,"date":"2026-06-29T06:05:00","date_gmt":"2026-06-29T04:05:00","guid":{"rendered":"https:\/\/staging.omnesmag.com\/?p=62667"},"modified":"2026-06-25T13:51:05","modified_gmt":"2026-06-25T11:51:05","slug":"papa-leon-hermanos-galindo","status":"publish","type":"post","link":"https:\/\/staging.omnesmag.com\/it\/papa-leon-hermanos-galindo\/","title":{"rendered":"Cantar ante el Papa Le\u00f3n XIV. La historia de los hermanos Galindo"},"content":{"rendered":"<p class=\"wp-block-paragraph\">Si por algo eran conocidos los Hermanos Galindo hasta el momento, sin duda alguna, era por sus villancicos de creaci\u00f3n propia, de un estilo inconfundible. Cantados y conocidos por muchas familias, y que, cada a\u00f1o, marcan el comienzo del Adviento, y adelantan la Navidad. Estos villancicos se pueden escuchar en plataformas como <a href=\"https:\/\/www.youtube.com\/channel\/UCTMEYdJoarrt7QyPNiyQY_Q\">Youtube<\/a> y en <a href=\"https:\/\/open.spotify.com\/intl-es\/artist\/0OLWlLQFUeEzxs1zdJJUZ0?si=hXWcFHWgR5ulRUhoArPH-Q\">Spotify<\/a>, merece la pena.&nbsp;<\/p>\n\n\n\n<p class=\"wp-block-paragraph\">Pero desde hace unos d\u00edas, son conocidos por algo de m\u00e1s entidad a\u00fan, si cabe, por haber cantado ante el Papa Le\u00f3n XIV la canci\u00f3n PETRUS (In Illo uno unum), en el Bernab\u00e9u, junto con Luispo e Ignacio Ozores y algunos j\u00f3venes cantantes m\u00e1s.&nbsp;<\/p>\n\n\n\n<figure class=\"wp-block-image size-full\"><img decoding=\"async\" src=\"https:\/\/www.omnesmag.com\/wp-content\/uploads\/2026\/06\/Diseno-sin-titulo-63.jpg\" alt=\"\" class=\"wp-image-62673\"\/><\/figure>\n\n\n\n<p class=\"wp-block-paragraph\">\u00c1lvaro y Catalina (Cati) Galindo Jim\u00e9nez son los componentes de Hermanos Galindo que actuaron ante el <a href=\"https:\/\/www.omnesmag.com\/etiqueta\/viaje-leon-xiv-espana\/\" type=\"post_tag\" id=\"2712\">Papa<\/a>. Forman parte de una familia de nueve hermanos, que les ha configurado en gran medida como personas. \u00c1lvaro es compositor, cantante, pianista, desarrollador y productor, y un friki del Se\u00f1or de los Anillos, Harry Potter, los juegos de mesa y de muchas m\u00e1s realidades. Cati es cantante, violinista, dise\u00f1adora y maestra, y se ha casado recientemente.<\/p>\n\n\n\n<p class=\"wp-block-paragraph\">Hoy tenemos la oportunidad de que nos cuente c\u00f3mo han vivido su \u00faltima aventura, cu\u00e1les han sido las pasadas y cu\u00e1les las futuras.<\/p>\n\n\n\n<h2 class=\"wp-block-heading\">Cati, \u00bfC\u00f3mo surgi\u00f3 la oportunidad de cantar PETRUS (In Illo uno unum) ante el Papa? \u00bfPor qu\u00e9 pens\u00e1is que hab\u00e9is sido elegidos para ayudar a dar voz y m\u00fasica a este tema?<\/h2>\n\n\n\n<p class=\"wp-block-paragraph\">\u2013Todo ha sido gracias a Luispo y Ozores, los compositores de la canci\u00f3n. Quer\u00edan que, tal y como transmite el lema del Papa Le\u00f3n XIV, la canci\u00f3n tambi\u00e9n fuese un s\u00edmbolo de unidad entre grupos de m\u00fasica cristiana. As\u00ed nos juntamos con Hermanas Pobres, Tuyo, Hakuna, Servus Mariae y otros muchos grupos y cantantes. Y como tenemos amistad con Luispo de a\u00f1os atr\u00e1s y quiso contar con nosotros.<\/p>\n\n\n\n<h2 class=\"wp-block-heading\">\u00c1lvaro, \u00bfCu\u00e1l es la historia de esta canci\u00f3n? \u00bfCon qu\u00e9 intenci\u00f3n la compusieron Luispo y Ozores?<\/h2>\n\n\n\n<p class=\"wp-block-paragraph\">\u2013Tal y como comentan en una entrevista, hace un a\u00f1o, cuando el Papa Francisco estaba hospitalizado, a Ozores se le ocurri\u00f3 el primer verso de la canci\u00f3n \u201cUn hombre vestido de blanco, reza en la eterna ciudad\u201d. \u00c9l comenta que fue muy bonito el hecho de que toda la Iglesia rezase por el Santo Padre. Meses m\u00e1s tarde terminaron la canci\u00f3n y creo, si no recuerdo mal, que fue grabada el mismo d\u00eda en el que fue elegido Le\u00f3n XIV.<\/p>\n\n\n\n<figure class=\"wp-block-image size-large\"><img decoding=\"async\" src=\"https:\/\/www.omnesmag.com\/wp-content\/uploads\/2026\/06\/IMG-20260617-WA0006-1024x683.jpg\" alt=\"\" class=\"wp-image-62671\"\/><\/figure>\n\n\n\n<h2 class=\"wp-block-heading\">Cati, se entiende que la experiencia que hab\u00e9is vivido, no queda s\u00f3lo en su culmen, actuar ante Le\u00f3n XIV, sino en los m\u00faltiples momentos gratos y an\u00e9cdotas que hab\u00e9is vivido, antes y despu\u00e9s del \u201cmomentazo\u201d. \u00bfCu\u00e1les de ellos resalt\u00e1is? \u00bfHab\u00e9is creado v\u00ednculos entre todos los componentes de este grupo?<\/h2>\n\n\n\n<p class=\"wp-block-paragraph\">\u2013Lo cierto es que ha sido una experiencia incre\u00edble, lo habl\u00e1bamos al terminar, cualquier palabra se queda corta. Ha sido una maravilla conocer a tanta gente buena en el proceso, que al final ven en la m\u00fasica la misma misi\u00f3n con la que la vemos nosotros de acercar a la gente a Dios. Por mencionar a alguno, los hermanos Catela, Ozores, Beltr\u00e1n Quinto\u2026<\/p>\n\n\n\n<h2 class=\"wp-block-heading\">Adem\u00e1s de cantar en el estadio Santiago Bernab\u00e9u tambi\u00e9n, \u00c1lvaro, hab\u00e9is cantado en el coro de la Vigilia \u00bfc\u00f3mo fue esa experiencia? \u00bfQu\u00e9 vivencias te has llevado de esa actuaci\u00f3n?\u00a0<\/h2>\n\n\n\n<p class=\"wp-block-paragraph\">\u2013Lo que m\u00e1s me llam\u00f3 la atenci\u00f3n fue la implicaci\u00f3n de la gente. Desde el primer d\u00eda, todo el coro, es decir, las 150 personas, ya se sab\u00edan las diferentes voces. Esto, que parece normal, no lo es en absoluto. Ya desde el primer d\u00eda se estaban puliendo cosas. Y lo que m\u00e1s me llevo es el haber podido cantarle al Papa, me quedo en especial con dos momentos: cuando cantamos \u201cTarde te am\u00e9\u201d (en el coro hab\u00eda un buen n\u00famero de monjas Agustinas que aportaron importantes matices a esta obra basada en un texto de San Agust\u00edn) y la canci\u00f3n de T\u00fa, el \u00fanico Rey. Fue muy impresionante escuchar desde el coro a los cientos de miles de personas cantar.<\/p>\n\n\n\n<h2 class=\"wp-block-heading\">Pero vayamos a vuestra especialidad, los villancicos. \u00bfC\u00f3mo naci\u00f3 esta faceta? \u00bfCu\u00e1nto ha influido vuestra familia? \u00bfQu\u00e9 pretend\u00e9is con esta tarea? \u00bfEs algo vocacional?<\/h2>\n\n\n\n<p class=\"wp-block-paragraph\">\u2013Nosotros comenzamos con un canal de Youtube en el que hac\u00edamos versiones de diversas canciones. Cuando lleg\u00f3 la Navidad lanzamos nuestro primer villancico y al a\u00f1o siguiente otro. Con la pandemia decidimos sacar un disco y crear un proyecto a cuatro a\u00f1os, sacar un disco por a\u00f1o. En total ya rondan los 50 villancicos publicados aunque tambi\u00e9n hemos hecho otro tipo de canciones por supuesto. En la familia es donde se ha forjado este grupo, cantando en familia. Hay mucha tradici\u00f3n de villancicos y decidimos compartir con el mundo esta pasi\u00f3n nuestra. Hace poco ha hablado el Papa sobre esta misi\u00f3n que tienen los m\u00fasicos de estar al servicio de la fe, nosotros intentamos transmitir eso dentro de un \u00e1mbito familiar, y pensamos que el villancico es una herramienta muy poderosa.<\/p>\n\n\n\n<h2 class=\"wp-block-heading\">\u00c1lvaro, Cati, para no quedaros encasillados en la canci\u00f3n navide\u00f1a, hab\u00e9is comenzado a diversificar en otros temas. \u00bfCu\u00e1les son? \u00bfQu\u00e9 pretend\u00e9is? \u00bfC\u00f3mo os va?\u00a0<\/h2>\n\n\n\n<p class=\"wp-block-paragraph\">\u2013Nosotros no hacemos proyectos \u201cpara no quedar encasillados\u201d, me explico, cada proyecto surge de una necesidad de contar. Suele ir por temporadas. Cada persona evoluciona con el paso de los a\u00f1os, incluso te dir\u00eda que con el paso de los d\u00edas. Hace relativamente poco hemos descubierto el potencial de los salmos y ya hemos publicado el primer disco de Salmos y ahora estamos trabajando en el segundo. Tambi\u00e9n tenemos grabado y que en breve se publicar\u00e1 un disco sobre la cultura espa\u00f1ola que, a prop\u00f3sito del Papa, me han parecido muy ilustradoras todas las referencias del Santo Padre hacia nuestra tierra, ha tenido que venir para recordarnos qui\u00e9nes somos y la responsabilidad que tenemos en la historia.<\/p>\n\n\n\n<h2 class=\"wp-block-heading\">Puede parecer, a los ojos de algunos, que es un simple hobbie, bien practicado. \u00bfCu\u00e1nta formaci\u00f3n, talento, creatividad y pr\u00e1ctica hay detr\u00e1s de cualquier canci\u00f3n?<\/h2>\n\n\n\n<p class=\"wp-block-paragraph\">\u2013\u00bfHay quien lo piensa? Jajaj, primera noticia. Catorce a\u00f1os de conservatorio, profesor de conservatorio\u2026 \u00bfQu\u00e9 hay que hacer para ser un profesional de la m\u00fasica? Otra cosa es que hayamos decidido poner al servicio nuestros dones. No por ello le quita profesionalidad al asunto. Detr\u00e1s de cada canci\u00f3n hay un proceso de estudio, oraci\u00f3n, trabajo, probar diferentes versiones, pedir opiniones\u2026 Todo para que pueda servir de la mejor forma. Para el salmo 51, por ejemplo, estuvimos pr\u00e1cticamente un mes para conseguir encajar el texto completo sin alterar nada del mismo.<\/p>\n\n\n\n<h2 class=\"wp-block-heading\">\u00bfQu\u00e9 es para vosotros la m\u00fasica? \u00bfQu\u00e9 supone para vosotros la cultura? \u00bfQu\u00e9 otras realidades art\u00edsticas trabaj\u00e1is?<\/h2>\n\n\n\n<p class=\"wp-block-paragraph\">\u2013Para nosotros, la m\u00fasica y en especial la canci\u00f3n, es la forma m\u00e1s directa y sincera que tiene el hombre de hablar con Dios, pues es donde se juntan oraci\u00f3n, voz y sentimiento. Adem\u00e1s se puede cantar en grupo generando, como ha comentado el Papa recientemente, una verdad Polif\u00f3nica en la armon\u00eda de la unidad. Pocas realidades art\u00edsticas tienen esa capacidad. La cultura por tanto, te ampl\u00eda la capacidad de conectar con lo trascendental, con algo que es m\u00e1s grande que uno mismo para \u201calzar la mirada\u201d. Nos gusta especialmente la pintura aunque cualquier realidad art\u00edstica es atractiva.<\/p>\n\n\n\n<h2 class=\"wp-block-heading\">Pensando en el futuro, \u00bfqu\u00e9 planes ten\u00e9is? \u00bfQu\u00e9 sue\u00f1os ten\u00e9is?<\/h2>\n\n\n\n<p class=\"wp-block-paragraph\">\u2013Nos gustar\u00eda poder interpretar nuestro repertorio con una orquesta sinf\u00f3nica y completar un disco de colaboraciones.<\/p>\n\n\n\n<h2 class=\"wp-block-heading\">\u00bfQu\u00e9 supone, desde vuestra perspectiva, la visita del Santo Padre a Espa\u00f1a?\u00a0<\/h2>\n\n\n\n<p class=\"wp-block-paragraph\">\u2013En mi opini\u00f3n personal, creo que plantea el pontificado del Papa Le\u00f3n XIV y creo que ha sido una gracia muy especial que el primer paso grande lo haya dado en nuestro pa\u00eds. Como he comentado antes, las palabras que ha dejado el Santo Padre han venido a recordarnos lo que hemos sido y lo que todav\u00eda podemos hacer. Ha venido a unir y a que olvidemos nuestras diferencias para construir un proyecto com\u00fan.<\/p>\n\n\n\n<h2 class=\"wp-block-heading\">Para acabar, \u00bfpens\u00e1is que hay un giro cat\u00f3lico? \u00bfHay un renacer de la fe? \u00bfQu\u00e9 papel est\u00e1 teniendo la m\u00fasica? \u00bfQu\u00e9 otros elementos est\u00e1n influyendo, si es real este renacer?<\/h2>\n\n\n\n<p class=\"wp-block-paragraph\">\u2013No he sido nunca muy fan de las modas. Creo que efectivamente est\u00e1 ocurriendo un momento muy especial en el que, sobre todo los artistas y los j\u00f3venes, podemos expresarnos y necesitamos hacerlo sin ning\u00fan tipo de tapujos. Porque buscamos respuestas a un mundo que no nos las ha dado. Cada vez m\u00e1s artistas est\u00e1n mostrando su fe abiertamente, el ejemplo m\u00e1s reciente es Antonio Banderas con su discurso \u201che recibido el hechizo de Dios\u201d, y creo que esto es muy positivo ya que hace 20 a\u00f1os hab\u00eda un ambiente de complejos por creer en Dios. Esa superioridad intelectual con la que se ve\u00eda \u201clo ateo\u201d cada vez se est\u00e1 poniendo m\u00e1s en evidencia, porque no da respuestas a las verdaderas preguntas trascendentales del hombre.<\/p>\n\n\n\n<figure class=\"wp-block-image size-full\"><img decoding=\"async\" src=\"https:\/\/www.omnesmag.com\/wp-content\/uploads\/2026\/06\/Diseno-sin-titulo-64.jpg\" alt=\"\" class=\"wp-image-62674\"\/><\/figure>","protected":false},"excerpt":{"rendered":"<p>Si por algo eran conocidos los Hermanos Galindo hasta el momento, sin duda alguna, era por sus villancicos de creaci\u00f3n propia, de un estilo inconfundible. Cantados y conocidos por muchas familias, y que, cada a\u00f1o, marcan el comienzo del Adviento, y adelantan la Navidad. Estos villancicos se pueden escuchar en plataformas como Youtube y en [&hellip;]<\/p>\n","protected":false},"author":3035,"featured_media":62668,"comment_status":"closed","ping_status":"closed","sticky":false,"template":"","format":"standard","meta":{"pmpro_default_level":"","footnotes":""},"categories":[549,548],"tags":[26],"class_list":["post-62667","post","type-post","status-publish","format-standard","has-post-thumbnail","hentry","category-evangelizacion","category-foco","tag-musica","pmpro-has-access"],"_links":{"self":[{"href":"https:\/\/staging.omnesmag.com\/it\/wp-json\/wp\/v2\/posts\/62667","targetHints":{"allow":["GET"]}}],"collection":[{"href":"https:\/\/staging.omnesmag.com\/it\/wp-json\/wp\/v2\/posts"}],"about":[{"href":"https:\/\/staging.omnesmag.com\/it\/wp-json\/wp\/v2\/types\/post"}],"author":[{"embeddable":true,"href":"https:\/\/staging.omnesmag.com\/it\/wp-json\/wp\/v2\/users\/3035"}],"replies":[{"embeddable":true,"href":"https:\/\/staging.omnesmag.com\/it\/wp-json\/wp\/v2\/comments?post=62667"}],"version-history":[{"count":0,"href":"https:\/\/staging.omnesmag.com\/it\/wp-json\/wp\/v2\/posts\/62667\/revisions"}],"wp:featuredmedia":[{"embeddable":true,"href":"https:\/\/staging.omnesmag.com\/it\/wp-json\/wp\/v2\/media\/62668"}],"wp:attachment":[{"href":"https:\/\/staging.omnesmag.com\/it\/wp-json\/wp\/v2\/media?parent=62667"}],"wp:term":[{"taxonomy":"category","embeddable":true,"href":"https:\/\/staging.omnesmag.com\/it\/wp-json\/wp\/v2\/categories?post=62667"},{"taxonomy":"post_tag","embeddable":true,"href":"https:\/\/staging.omnesmag.com\/it\/wp-json\/wp\/v2\/tags?post=62667"}],"curies":[{"name":"wp","href":"https:\/\/api.w.org\/{rel}","templated":true}]}}