{"id":29874,"date":"2023-03-29T10:57:12","date_gmt":"2023-03-29T09:57:12","guid":{"rendered":"https:\/\/staging.omnesmag.com\/?p=29874"},"modified":"2023-03-29T11:54:40","modified_gmt":"2023-03-29T10:54:40","slug":"iglesia-en-espana-exenciones-fiscales","status":"publish","type":"post","link":"https:\/\/staging.omnesmag.com\/it\/iglesia-en-espana-exenciones-fiscales\/","title":{"rendered":"La Iglesia en Espa\u00f1a renuncia a algunas exenciones fiscales"},"content":{"rendered":"<p class=\"wp-block-paragraph\">El Gobierno de Espa\u00f1a y la <a href=\"https:\/\/www.conferenciaepiscopal.es\/\">Conferencia Episcopal Espa\u00f1ola<\/a> firmaron un acuerdo, efectivo desde el 29 de marzo de 2023, por el que se equipara el r\u00e9gimen fiscal de la Iglesia espa\u00f1ola al de otras entidades sin \u00e1nimo de lucro del pa\u00eds. Por ello, y con el asenso de la Santa Sede, la Conferencia Episcopal renuncia a las exenciones en las Contribuciones Especiales y al Impuesto sobre Construcciones, Instalaciones y obras.<\/p>\n\n\n\n<p class=\"wp-block-paragraph\">La nota de prensa publicada por la CEE es la siguiente:<\/p>\n\n\n\n<p class=\"wp-block-paragraph\">\u00abFruto del trabajo conjunto entre el Ministerio de la Presidencia, Relaciones con las Cortes y Memoria Democr\u00e1tica y la Iglesia cat\u00f3lica en materia de fiscalidad, el Gobierno de Espa\u00f1a y la Conferencia Episcopal Espa\u00f1ola, con el asenso de la <a href=\"https:\/\/www.omnesmag.com\/actualidad\/bienes-santa-sede-destino-universal\/\">Santa Sede<\/a>, han alcanzado un acuerdo por el cual se tramita ante la Santa Sede la renuncia a las exenciones, derivadas de los Acuerdos, que afectan a las Contribuciones Especiales y al Impuesto sobre Construcciones, Instalaciones y Obras (ICIO).<\/p>\n\n\n\n<p class=\"wp-block-paragraph\">Con este fin, el Gobierno proceder\u00e1 a la derogaci\u00f3n de la Orden Ministerial de 5 de junio de 2001 del Ministerio de Econom\u00eda y Hacienda donde se regula la inclusi\u00f3n del Impuesto sobre Construcciones, Instalaciones y Obras (ICO) en el Acuerdo entre el Estado Espa\u00f1ol y la Santa Sede sobre Asuntos Econ\u00f3micos.<\/p>\n\n\n\n<p class=\"wp-block-paragraph\">El acuerdo se desarrolla en la voluntad compartida entre el Gobierno de Espa\u00f1a y la Conferencia Episcopal Espa\u00f1ola de equiparar el r\u00e9gimen fiscal de la Iglesia cat\u00f3lica con las entidades sin \u00e1nimo de lucro, conforme al principio de no privilegio y no discriminaci\u00f3n. Hoy se hace efectivo dicho acuerdo mediante el correspondiente canje de notas entre el Gobierno y la Nunciatura Apost\u00f3lica\u00bb.<\/p>","protected":false},"excerpt":{"rendered":"<p>El Gobierno de Espa\u00f1a y la Conferencia Episcopal Espa\u00f1ola firmaron un acuerdo, efectivo desde el 29 de marzo de 2023, por el que se equipara el r\u00e9gimen fiscal de la Iglesia espa\u00f1ola al de otras entidades sin \u00e1nimo de lucro del pa\u00eds. Por ello, y con el asenso de la Santa Sede, la Conferencia Episcopal [&hellip;]<\/p>\n","protected":false},"author":1436,"featured_media":29875,"comment_status":"closed","ping_status":"closed","sticky":false,"template":"","format":"standard","meta":{"pmpro_default_level":"","footnotes":""},"categories":[36,41],"tags":[686,574],"class_list":["post-29874","post","type-post","status-publish","format-standard","has-post-thumbnail","hentry","category-actualidad","category-espana","tag-conferencia-episcopal-espanola","tag-espana","pmpro-has-access"],"_links":{"self":[{"href":"https:\/\/staging.omnesmag.com\/it\/wp-json\/wp\/v2\/posts\/29874","targetHints":{"allow":["GET"]}}],"collection":[{"href":"https:\/\/staging.omnesmag.com\/it\/wp-json\/wp\/v2\/posts"}],"about":[{"href":"https:\/\/staging.omnesmag.com\/it\/wp-json\/wp\/v2\/types\/post"}],"author":[{"embeddable":true,"href":"https:\/\/staging.omnesmag.com\/it\/wp-json\/wp\/v2\/users\/1436"}],"replies":[{"embeddable":true,"href":"https:\/\/staging.omnesmag.com\/it\/wp-json\/wp\/v2\/comments?post=29874"}],"version-history":[{"count":0,"href":"https:\/\/staging.omnesmag.com\/it\/wp-json\/wp\/v2\/posts\/29874\/revisions"}],"wp:featuredmedia":[{"embeddable":true,"href":"https:\/\/staging.omnesmag.com\/it\/wp-json\/wp\/v2\/media\/29875"}],"wp:attachment":[{"href":"https:\/\/staging.omnesmag.com\/it\/wp-json\/wp\/v2\/media?parent=29874"}],"wp:term":[{"taxonomy":"category","embeddable":true,"href":"https:\/\/staging.omnesmag.com\/it\/wp-json\/wp\/v2\/categories?post=29874"},{"taxonomy":"post_tag","embeddable":true,"href":"https:\/\/staging.omnesmag.com\/it\/wp-json\/wp\/v2\/tags?post=29874"}],"curies":[{"name":"wp","href":"https:\/\/api.w.org\/{rel}","templated":true}]}}