{"id":63231,"date":"2026-07-20T10:32:25","date_gmt":"2026-07-20T08:32:25","guid":{"rendered":"https:\/\/staging.omnesmag.com\/?p=63231"},"modified":"2026-07-20T10:32:26","modified_gmt":"2026-07-20T08:32:26","slug":"jose-carlos-martin-de-la-hoz-explica-las-claves-de-la-santidad-del-matrimonio-alvira","status":"publish","type":"post","link":"https:\/\/staging.omnesmag.com\/en\/jose-carlos-martin-de-la-hoz-explica-las-claves-de-la-santidad-del-matrimonio-alvira\/","title":{"rendered":"J. Carlos Mart\u00edn de la Hoz: \u00abTom\u00e1s y Paquita sab\u00edan que el camino para amarse cada d\u00eda m\u00e1s era amar a Dios\u00bb"},"content":{"rendered":"<p class=\"wp-block-paragraph\">El proceso de beatificaci\u00f3n y canonizaci\u00f3n del matrimonio formado por Tom\u00e1s Alvira (1906\u20131992) y Paquita Dom\u00ednguez (1912\u20131994), tuvo lugar en la archidi\u00f3cesis\u00a0 de Madrid\u00a0 y obtuvo el decreto de validez en el Dicasterio en el 2016. Se trata de una de las causas de canonizaci\u00f3n m\u00e1s extendidas en su devoci\u00f3n en el mundo entero. Ambos buscaron la santidad en la vida cotidiana y el amor conyugal y familiar dentro de la Iglesia cat\u00f3lica contempor\u00e1nea. Ambos, aragoneses de origen, dedicaron su vida a la docencia y a su numerosa familia (tuvieron nueve hijos), siendo adem\u00e1s de los primeros supernumerarios del Opus Dei, Tom\u00e1s se incorpor\u00f3 en 1947 y Paquita en 1952.<\/p>\n\n\n\n<p class=\"wp-block-paragraph\">Recientemente (en julio de 2026), se ha entregado en el Vaticano la <em>Positio<\/em> de su causa de canonizaci\u00f3n, lo que los sit\u00faa un paso m\u00e1s cerca de ser declarados venerables. Jos\u00e9 Carlos Mart\u00edn de la Hoz&nbsp;fue el postulador diocesano de la Causa, actualmente en su fase romana, conoce de cerca la vida del matrimonio y nos da algunas claves de su vida.<\/p>\n\n\n\n<h2 class=\"wp-block-heading\">Con la reciente entrega de la <em>Positio<\/em> en Roma, \u00bfcu\u00e1les son los siguientes pasos jur\u00eddicos y teol\u00f3gicos en el Dicasterio de las Causas de los Santos para que puedan ser declarados beatos?<\/h2>\n\n\n\n<p class=\"wp-block-paragraph\">\u2013La noticia de la entrega de la Positio en el Dicasterio, es decir, la elaboraci\u00f3n de la s\u00edntesis de la vida, virtudes y fama de santidad y de favores de cada uno de los dos (la santidad es personal) para su estudio por los consultores historiadores, te\u00f3logos, canonistas y obispos y cardenales, significa que la voz del pueblo de Dios que es el proceso diocesano, va a ser estudiada por el Dicasterio y llegar\u00e1, cuando Dios quiera. La voz de la Iglesia que, si es positiva, se\u00f1alar\u00e1 a este matrimonio como modelos e intercesores del pueblo de Dios y se les denominar\u00e1 Venerables Siervos de Dios.<\/p>\n\n\n\n<h2 class=\"wp-block-heading\">Para que haya una beatificaci\u00f3n se requiere un milagro atribuido a su intercesi\u00f3n. \u00bfQu\u00e9 tipo de favores o gracias suelen pedir y reportar las personas que se encomiendan hoy en d\u00eda al matrimonio Alvira?<\/h2>\n\n\n\n<p class=\"wp-block-paragraph\">\u2013Efectivamente, en una Causa de beatificaci\u00f3n y canonizaci\u00f3n hace falta escuchar la voz del Pueblo de Dios; tanto la recogida de sus escritos y los documentos, como las aportaciones de los testigos que conocieron y trataron a los Siervos de Dios. El estudio de esa documentaci\u00f3n por parte del Dicasterio expresar\u00eda de manera patente la voz de la Iglesia con el nombramiento de Venerables Siervos de Dios. Pero a\u00fan faltar\u00eda la \u00faltima voz: la voz de Dios.<\/p>\n\n\n\n<p class=\"wp-block-paragraph\">El milagro es la voz de Dios, que se\u00f1alar\u00eda que esa persona podr\u00eda ser beatificada y dar\u00eda comienzo al culto p\u00fablico restringido a una di\u00f3cesis o una familia eclesial, un ambiente, etc. Un segundo milagro indicar\u00eda la canonizaci\u00f3n y extensi\u00f3n mundial del culto p\u00fablico.<\/p>\n\n\n\n<p class=\"wp-block-paragraph\">L\u00f3gicamente, la aparici\u00f3n de un milagro ser\u00eda la culminaci\u00f3n de a\u00f1os de extensi\u00f3n de la devoci\u00f3n privada, en este caso, a un matrimonio cristiano, que estar\u00edan obteniendo favores de Dios como intercesores para el pueblo cristiano y, a la vez, estar\u00edan siendo modelos y amigos de muchos cristianos del mundo entero que confiaron en ellos como amigos de Dios e intercesores.<\/p>\n\n\n\n<h2 class=\"wp-block-heading\">\u00bfQu\u00e9 an\u00e9cdota del matrimonio Alvira le parece que ilustra bien su santidad?<\/h2>\n\n\n\n<p class=\"wp-block-paragraph\">\u2013El hecho de que los dos, marido y mujer, est\u00e9n en proceso de beatificaci\u00f3n y canonizaci\u00f3n implica que estamos ante una causa de matrimonio, es decir, que los dos presumiblemente han llegado a vivir, con la ayuda del Esp\u00edritu Santo la plenitud de la vida cristiana y han practicado las virtudes en grado heroico a trav\u00e9s del amor entre los esposos. Por tanto, pueden ser propuestos como modelos al Pueblo de Dios<\/p>\n\n\n\n<p class=\"wp-block-paragraph\">Esta ser\u00eda la gran an\u00e9cdota que vivieron estos esposos: enamorarse cada d\u00eda m\u00e1s y m\u00e1s, de modo que ese inmenso amor que se ten\u00edan se iba contagiando a los hijos, familiares, amigos y compa\u00f1eros de trabajo. De ese modo, como dec\u00eda el Papa Francisco en \u201cFratelli Tutti\u201d, contribuyeron a la revoluci\u00f3n de amor que es el cristianismo.<\/p>\n\n\n\n<h2 class=\"wp-block-heading\">San Josemar\u00eda Escriv\u00e1 sol\u00eda decir que deb\u00edan hacer de su casa un \u00abhogar luminoso y alegre\u00bb. En la pr\u00e1ctica diaria, con las estrecheces econ\u00f3micas que vivieron al principio, \u00bfc\u00f3mo lograban mantener ese ambiente positivo en casa?<\/h2>\n\n\n\n<p class=\"wp-block-paragraph\">\u2013Tom\u00e1s y Paquita eran conscientes de que el \u00fanico camino para amarse cada d\u00eda m\u00e1s era sencillamente buscar amar a Dios sobre todas las cosas. De ese modo cimentando sus vidas en el amor a Dios supieron amarse entre ellos y trascender ese amor, por contagio a quienes les rodeaban.<\/p>\n\n\n\n<p class=\"wp-block-paragraph\">Los hijos les ve\u00edan rezar muchas veces a lo largo del d\u00eda, acudir a la Santa Misa, rezar el rosario en familia, mirar a una imagen de la Virgen que estaba colgada en la pared o rezar al levantarse y al irse a descansar. Siempre les ve\u00edan sonrientes y confiados en el amor de Dios que sustenta todos los amores de la tierra y, sobre todo, les ve\u00edan mirarse enamoradamente y mirarles a ellos con infinita ternura.<\/p>\n\n\n\n<h2 class=\"wp-block-heading\">Uno de los pilares de la educaci\u00f3n de los Alvira era el respeto a la libertad de sus hijos. \u00bfC\u00f3mo equilibrar la disciplina y la transmisi\u00f3n de valores cristianos con el fomento de la autonom\u00eda personal de cada hijo?<\/h2>\n\n\n\n<p class=\"wp-block-paragraph\">\u2013El secreto de la educaci\u00f3n de los hijos estaba en el inmenso cari\u00f1o y confianza con que les trataban. Iban d\u00e1ndoles poco a poco m\u00e1s libertad hasta confiar plenamente m\u00e1s en su palabra que si cien notarios afirmaran lo contrario.<\/p>\n\n\n\n<p class=\"wp-block-paragraph\">Ciertamente, deb\u00edan corregirles como todos los padres deben hacerlo, pero ellos siempre sab\u00edan esperar a corregir a estar desenfadados, de modo que correg\u00edan las cosas una a una, dando siempre aliento y esperanza pues aquel asunto era claro que lo iban a superar con la gracia de Dios y el amor y la confianza con la que se lo estaban proponiendo.<\/p>\n\n\n\n<h2 class=\"wp-block-heading\">Tom\u00e1s Alvira no fue un profesor convencional; introdujo conceptos revolucionarios para su \u00e9poca en el Instituto Ramiro de Maeztu y en el Colegio de Hu\u00e9rfanos de la Guardia Civil. \u00bfEn qu\u00e9 consist\u00eda su m\u00e9todo de \u00abAula viva\u00bb y por qu\u00e9 se le considera un pionero de la pedagog\u00eda activa?<\/h2>\n\n\n\n<p class=\"wp-block-paragraph\">\u2013Recuerdo que Tom\u00e1s Alvira fue mi profesor de Ciencias Naturales en 5\u00ba de bachillerato en el Instituto Ramiro de Maeztu. Era muy amigo de mi padre y me trataba con mucho cari\u00f1o como si fuera hijo suyo. Un d\u00eda me dijo mientras observaba en un microscopio una roca de olivino: \u201cSi hemos de alabar a Dios por la belleza macrosc\u00f3pica de la Naturaleza, a\u00fan m\u00e1s hemos de alabar a Dios por la belleza microsc\u00f3pica\u201d.&nbsp; Un d\u00eda ca\u00ed en la cuenta de que lo mismo hac\u00eda con los dem\u00e1s alumnos: el secreto de la pedagog\u00eda de Tom\u00e1s y de Paquita era querer a las almas y abrirles horizontes en la vida.<\/p>\n\n\n\n<h2 class=\"wp-block-heading\">Mientras Tom\u00e1s destacaba en \u00e1mbitos acad\u00e9micos p\u00fablicos, Paquita realizaba una labor social y formativa enorme, especialmente con empleadas del hogar y mujeres de su entorno. \u00bfC\u00f3mo era este apostolado y qu\u00e9 impacto tuvo en esas mujeres?<\/h2>\n\n\n\n<p class=\"wp-block-paragraph\">\u2013Paquita hab\u00eda sido maestra en unos pueblos de Huesca antes de casarse y dedicarse por entero a sacar adelante una familia numerosa, pr\u00e1cticamente sin ayuda durante muchos a\u00f1os de su vida. De la misma manera que puso amor y dedicaci\u00f3n a aquellos ni\u00f1os y ni\u00f1as y sus familias en Bureau, lo pon\u00eda con las empleadas del hogar o con las personas m\u00e1s j\u00f3venes que ten\u00eda a su lado. Con Paquita se aprende una realidad muy sencilla: una maestra no deja de serlo nunca.<\/p>\n\n\n\n<h2 class=\"wp-block-heading\">Al final de sus vidas, ambos pasaron por procesos patol\u00f3gicos muy duros (Tom\u00e1s un c\u00e1ncer y Paquita una enfermedad cerebral). \u00bfC\u00f3mo vivieron esta \u00faltima etapa de dolor f\u00edsico y qu\u00e9 testimonios dejaron a quienes los cuidaban.<\/h2>\n\n\n\n<p class=\"wp-block-paragraph\">\u2013Cuando se ama mucho y se crea una familia tan bonita y unida como ellos lograron, entonces, esa escuela de amor sirve para aprender todas las lecciones de la vida: las aparentemente agradables, como las aparentemente desagradables: los golpes de la vida, lo que hacen es hacernos madurar en el amor.<\/p>\n\n\n\n<p class=\"wp-block-paragraph\">La escuela del dolor, de la santificaci\u00f3n de las limitaciones f\u00edsicas, la fatiga, la sordera, el no valernos por nosotros mismos, nos hacen m\u00e1s humildes, obedientes y sencillos: la santidad es un don de Dios que se expresa en el regalo de las virtudes donde Dios se vuelca con el poco esfuerzo que ponemos que es la libertad.<\/p>\n\n\n\n<h2 class=\"wp-block-heading\">\u00bfQu\u00e9 singularidad teol\u00f3gica y pastoral aporta el hecho de que la Iglesia estudie la santidad de Tom\u00e1s y Paquita de manera conjunta, como matrimonio, en lugar de individualmente?<\/h2>\n\n\n\n<p class=\"wp-block-paragraph\">\u2013Dios desea ense\u00f1arnos que el fin del matrimonio es esencialmente el amor entre los esposos. Un amor de tal categor\u00eda que cuando llega el d\u00eda de la boda y se recibe el sacramento del matrimonio ese amor natural se convierte, con la gracia de Dios, en amor sobrenatural que dura eternamente.<\/p>\n\n\n\n<p class=\"wp-block-paragraph\">La santidad es un don de Dios como lo es el amor que Dios alcanza en cada uno de nosotros y en los esposos cristianos. Descubrir la fecundidad de ese amor es la clave de la felicidad. El santo Padre Benedicto XVI lo expres\u00f3 muy bien en su primera Enc\u00edclica \u201cDeus caritas est\u201d.<\/p>","protected":false},"excerpt":{"rendered":"<p>El proceso de beatificaci\u00f3n y canonizaci\u00f3n del matrimonio formado por Tom\u00e1s Alvira (1906\u20131992) y Paquita Dom\u00ednguez (1912\u20131994), tuvo lugar en la archidi\u00f3cesis\u00a0 de Madrid\u00a0 y obtuvo el decreto de validez en el Dicasterio en el 2016. Se trata de una de las causas de canonizaci\u00f3n m\u00e1s extendidas en su devoci\u00f3n en el mundo entero. Ambos [&hellip;]<\/p>\n","protected":false},"author":1166,"featured_media":63240,"comment_status":"closed","ping_status":"closed","sticky":false,"template":"","format":"standard","meta":{"pmpro_default_level":"","footnotes":""},"categories":[549,548],"tags":[2648],"class_list":["post-63231","post","type-post","status-publish","format-standard","has-post-thumbnail","hentry","category-evangelizacion","category-foco","tag-matrimonios-santos","pmpro-has-access"],"_links":{"self":[{"href":"https:\/\/staging.omnesmag.com\/en\/wp-json\/wp\/v2\/posts\/63231","targetHints":{"allow":["GET"]}}],"collection":[{"href":"https:\/\/staging.omnesmag.com\/en\/wp-json\/wp\/v2\/posts"}],"about":[{"href":"https:\/\/staging.omnesmag.com\/en\/wp-json\/wp\/v2\/types\/post"}],"author":[{"embeddable":true,"href":"https:\/\/staging.omnesmag.com\/en\/wp-json\/wp\/v2\/users\/1166"}],"replies":[{"embeddable":true,"href":"https:\/\/staging.omnesmag.com\/en\/wp-json\/wp\/v2\/comments?post=63231"}],"version-history":[{"count":0,"href":"https:\/\/staging.omnesmag.com\/en\/wp-json\/wp\/v2\/posts\/63231\/revisions"}],"wp:featuredmedia":[{"embeddable":true,"href":"https:\/\/staging.omnesmag.com\/en\/wp-json\/wp\/v2\/media\/63240"}],"wp:attachment":[{"href":"https:\/\/staging.omnesmag.com\/en\/wp-json\/wp\/v2\/media?parent=63231"}],"wp:term":[{"taxonomy":"category","embeddable":true,"href":"https:\/\/staging.omnesmag.com\/en\/wp-json\/wp\/v2\/categories?post=63231"},{"taxonomy":"post_tag","embeddable":true,"href":"https:\/\/staging.omnesmag.com\/en\/wp-json\/wp\/v2\/tags?post=63231"}],"curies":[{"name":"wp","href":"https:\/\/api.w.org\/{rel}","templated":true}]}}