{"id":63147,"date":"2026-07-13T06:06:00","date_gmt":"2026-07-13T04:06:00","guid":{"rendered":"https:\/\/staging.omnesmag.com\/?p=63147"},"modified":"2026-07-10T13:03:59","modified_gmt":"2026-07-10T11:03:59","slug":"joven-pregunta-papa-dios","status":"publish","type":"post","link":"https:\/\/staging.omnesmag.com\/en\/joven-pregunta-papa-dios\/","title":{"rendered":"Manu, el joven que pregunt\u00f3 al Papa: \u00abDios me pone siempre en el escal\u00f3n m\u00e1s alto\u00bb"},"content":{"rendered":"<p class=\"wp-block-paragraph\">\u201cHoy en d\u00eda hay muchos j\u00f3venes con sed de Dios, otros a los que les gustar\u00eda creer, y otros que no quieren hablar de Dios, pero muchas veces no sabemos c\u00f3mo ayudarles. \u00bfC\u00f3mo podemos nosotros, que tambi\u00e9n estamos buscando, acompa\u00f1arlos en su proceso de descubrimiento de la belleza de la fe?\u201d. Esta fue la pregunta que le hizo Manu, un joven de 25 a\u00f1os, al Papa en la <a href=\"https:\/\/www.omnesmag.com\/actualidad\/leon-xiv-vigilia-jovenes-madrid\/\" data-type=\"post\" data-id=\"62090\">vigilia de j\u00f3venes<\/a> el pasado 6 de junio.<\/p>\n\n\n\n<p class=\"wp-block-paragraph\">El Papa le respondi\u00f3 alto y claro: \u201c\u00a1<a href=\"https:\/\/www.omnesmag.com\/firmas\/no-estamos-solos\/\">No estamos solos<\/a>!\u201d. Le\u00f3n XIV record\u00f3 esa noche a Manu y a todos los j\u00f3venes, que tenemos a Dios y una gran comunidad a nuestro lado. Adem\u00e1s se\u00f1al\u00f3 que es con nuestra experiencia y testimonio como debemos ense\u00f1ar la belleza de la fe a los que no conocen al Se\u00f1or.<\/p>\n\n\n\n<p class=\"wp-block-paragraph\">M\u00e1s all\u00e1 de teor\u00edas o moralismos, el Papa insisti\u00f3 a los j\u00f3venes en la fuerza del testimonio. A Manu se le quedaron grabadas sus palabras, y en una entrevista con Omnes nos cuenta precisamente su experiencia.<\/p>\n\n\n\n<h2 class=\"wp-block-heading\">J\u00f3venes inquietos<\/h2>\n\n\n\n<p class=\"wp-block-paragraph\">Manu pudo ver con sus propios ojos y dar fe de ese \u201cno estamos solos\u201d del Papa. Cuenta que le llam\u00f3 la atenci\u00f3n, como a muchos otros, las 600.000 personas que en la vigilia se arrodillaban y guardaban silencio ante el \u201c\u00fanico rey\u201d.<\/p>\n\n\n\n<p class=\"wp-block-paragraph\">Y es que en la vigilia se puso de manifiesto que los j\u00f3venes se movilizan en busca de respuestas: \u00abveo much\u00edsimas inquietudes, tanto entre j\u00f3venes cat\u00f3licos como entre quienes no creen. Todos nos preguntamos por nuestro futuro, por nuestra vocaci\u00f3n, por el sentido de la vida. Y precisamente por eso mucha gente acaba acerc\u00e1ndose a la Iglesia.\u00bb<\/p>\n\n\n\n<p class=\"wp-block-paragraph\">Para \u00e9l, el cristianismo ofrece una respuesta distinta a la l\u00f3gica dominante: \u00abvivimos en una sociedad donde parece que todo gira alrededor del trabajo o del \u00e9xito. La Iglesia te recuerda que tu vocaci\u00f3n es mucho m\u00e1s profunda. En mi caso, por ejemplo, mi vocaci\u00f3n no es mi profesi\u00f3n, sino formar una familia. El trabajo es un medio, no el fin.\u00bb<\/p>\n\n\n\n<h2 class=\"wp-block-heading\">\u00bfC\u00f3mo explicar las \u00abrenuncias\u00bb de ser cristiano?<\/h2>\n\n\n\n<p class=\"wp-block-paragraph\">Durante la conversaci\u00f3n surge una cuesti\u00f3n frecuente: c\u00f3mo explicar a quienes est\u00e1n alejados de la fe aspectos como la castidad o las exigencias del Evangelio.<\/p>\n\n\n\n<p class=\"wp-block-paragraph\">Su respuesta sorprende por su sencillez. \u00abMuchas veces intentamos convencer desde la raz\u00f3n. Explicamos por qu\u00e9 hacemos ciertos sacrificios y la gente incluso entiende nuestra l\u00f3gica, pero no la compra\u00bb.<\/p>\n\n\n\n<p class=\"wp-block-paragraph\">Pero para Manu, debe ser al rev\u00e9s: \u00abprimero hay que experimentar el amor de Dios. Solo despu\u00e9s todo lo dem\u00e1s cobra sentido. Si empiezas por las normas, parece que el cristianismo son solo prohibiciones. Pero cuando uno descubre el amor de Dios, esas mismas cosas dejan de vivirse como sacrificios y pasan a ser una consecuencia natural\u00bb.<\/p>\n\n\n\n<h2 class=\"wp-block-heading\">Poder preguntar al Papa<\/h2>\n\n\n\n<p class=\"wp-block-paragraph\">Manu cuenta c\u00f3mo la experiencia de estar delante del Papa signific\u00f3 para \u00e9l un claro signo del amor de Dios: \u00abcuando me dijeron que iba a hacer la pregunta estaba pasando un momento bastante malo. Ten\u00eda la autoestima muy baja y pensaba que no merec\u00eda estar all\u00ed\u00bb.<\/p>\n\n\n\n<p class=\"wp-block-paragraph\">\u00abPara m\u00ed fue una representaci\u00f3n de que, aunque yo me pueda tirar por los suelos porque soy un pecador y considero que hago las cosas muy mal, el Se\u00f1or me ense\u00f1a lo mucho que me quiere. Aunque yo crea que estoy en mi peor momento, \u00c9l me pone siempre en el escal\u00f3n m\u00e1s alto porque me sue\u00f1a as\u00ed. <\/p>\n\n\n\n<p class=\"wp-block-paragraph\">Con eso me quedo: intentar verme a m\u00ed mismo con los ojos de Dios y mirar tambi\u00e9n a los dem\u00e1s de esa manera, tanto a los amigos como a quienes nos cuesta querer, porque si \u00c9l nos pone siempre arriba incluso en nuestro peor momento, nosotros tambi\u00e9n deber\u00edamos intentar poner a los dem\u00e1s en ese mismo lugar\u00bb.<br><\/p>\n\n\n\n<h2 class=\"wp-block-heading\">Una sencilla conversi\u00f3n<\/h2>\n\n\n\n<p class=\"wp-block-paragraph\">Aunque siempre ha sido cat\u00f3lico, Manu reconoce que durante muchos a\u00f1os su fe fue simplemente heredada: \u00absiempre fui a misa porque mis padres me educaron as\u00ed, pero realmente no conoc\u00eda personalmente a Dios\u00bb.<\/p>\n\n\n\n<p class=\"wp-block-paragraph\">Su manera de vivir la fe cambi\u00f3 cuando comenz\u00f3 a implicarse en su parroquia (Nuestra Se\u00f1ora del Buen Suceso) en 2022: \u00abno fue una conversi\u00f3n espectacular, pero s\u00ed una maduraci\u00f3n muy profunda. Dej\u00e9 de vivir la fe por rutina para descubrir que Dios quer\u00eda formar parte de mi vida\u00bb.<\/p>\n\n\n\n<p class=\"wp-block-paragraph\">Desde entonces coordina grupos de j\u00f3venes, participa en la formaci\u00f3n diocesana y el pr\u00f3ximo curso comenzar\u00e1 tambi\u00e9n a impartir catequesis.<\/p>\n\n\n\n<h2 class=\"wp-block-heading\"><strong>El impulso de la vigilia permanece<\/strong><\/h2>\n\n\n\n<p class=\"wp-block-paragraph\">Semanas despu\u00e9s de la visita papal, reconoce que el entusiasmo inicial no ha desaparecido: \u00abes un momento al que vuelvo constantemente. Cuando siento que puedo venirme abajo, recuerdo la vigilia, recuerdo todo lo vivido y recupero fuerzas\u00bb.<\/p>\n\n\n\n<p class=\"wp-block-paragraph\">Tambi\u00e9n espera que haya sembrado preguntas en quienes contemplaron desde fuera la multitud de j\u00f3venes reunidos alrededor del Papa: \u00abcreo que mucha gente se preguntar\u00e1 qu\u00e9 mueve a tantos j\u00f3venes. Qu\u00e9 hace que cientos de miles de personas quieran estar all\u00ed, viviendo todo con tanta alegr\u00eda, tanto silencio y tanta paz. Ojal\u00e1 esa pregunta sea un comienzo\u00bb.<\/p>\n\n\n\n<p class=\"wp-block-paragraph\">Porque, como aprendi\u00f3 durante aquellos d\u00edas, la evangelizaci\u00f3n no comienza con grandes discursos, sino con el testimonio de una vida transformada por el amor de Dios.<\/p>","protected":false},"excerpt":{"rendered":"<p>\u201cHoy en d\u00eda hay muchos j\u00f3venes con sed de Dios, otros a los que les gustar\u00eda creer, y otros que no quieren hablar de Dios, pero muchas veces no sabemos c\u00f3mo ayudarles. \u00bfC\u00f3mo podemos nosotros, que tambi\u00e9n estamos buscando, acompa\u00f1arlos en su proceso de descubrimiento de la belleza de la fe?\u201d. Esta fue la pregunta [&hellip;]<\/p>\n","protected":false},"author":3091,"featured_media":63150,"comment_status":"closed","ping_status":"closed","sticky":false,"template":"","format":"standard","meta":{"pmpro_default_level":"","footnotes":""},"categories":[549,548],"tags":[16,2319],"class_list":["post-63147","post","type-post","status-publish","format-standard","has-post-thumbnail","hentry","category-evangelizacion","category-foco","tag-jovenes","tag-papa-leon-xiv","pmpro-has-access"],"_links":{"self":[{"href":"https:\/\/staging.omnesmag.com\/en\/wp-json\/wp\/v2\/posts\/63147","targetHints":{"allow":["GET"]}}],"collection":[{"href":"https:\/\/staging.omnesmag.com\/en\/wp-json\/wp\/v2\/posts"}],"about":[{"href":"https:\/\/staging.omnesmag.com\/en\/wp-json\/wp\/v2\/types\/post"}],"author":[{"embeddable":true,"href":"https:\/\/staging.omnesmag.com\/en\/wp-json\/wp\/v2\/users\/3091"}],"replies":[{"embeddable":true,"href":"https:\/\/staging.omnesmag.com\/en\/wp-json\/wp\/v2\/comments?post=63147"}],"version-history":[{"count":0,"href":"https:\/\/staging.omnesmag.com\/en\/wp-json\/wp\/v2\/posts\/63147\/revisions"}],"wp:featuredmedia":[{"embeddable":true,"href":"https:\/\/staging.omnesmag.com\/en\/wp-json\/wp\/v2\/media\/63150"}],"wp:attachment":[{"href":"https:\/\/staging.omnesmag.com\/en\/wp-json\/wp\/v2\/media?parent=63147"}],"wp:term":[{"taxonomy":"category","embeddable":true,"href":"https:\/\/staging.omnesmag.com\/en\/wp-json\/wp\/v2\/categories?post=63147"},{"taxonomy":"post_tag","embeddable":true,"href":"https:\/\/staging.omnesmag.com\/en\/wp-json\/wp\/v2\/tags?post=63147"}],"curies":[{"name":"wp","href":"https:\/\/api.w.org\/{rel}","templated":true}]}}